{"id":474,"date":"2022-07-06T09:38:53","date_gmt":"2022-07-06T07:38:53","guid":{"rendered":"http:\/\/pagesjlcros.fr\/?p=474"},"modified":"2022-07-06T09:42:48","modified_gmt":"2022-07-06T07:42:48","slug":"les-temps-sont-durs-pour-les-ames-tendres","status":"publish","type":"post","link":"https:\/\/pagesjlcros.fr\/index.php\/2022\/07\/06\/les-temps-sont-durs-pour-les-ames-tendres\/","title":{"rendered":"Les temps sont durs pour les \u00e2mes tendres"},"content":{"rendered":"\n<p>Comment sortir La Fraude de l&rsquo;anonymat apr\u00e8s que la presse parisienne se soit refus\u00e9e \u00e0 le faire en Avril dernier ? Convaincu qu&rsquo;une vente \u00e0 la TV n&rsquo;aura une petite chance d&rsquo;aboutir que si le film est aur\u00e9ol\u00e9 de quelques colifichets journalistiques, je m&rsquo;attache depuis plusieurs mois \u00e0 l&rsquo;inscrire dans divers festivals. A ce jour j&rsquo;attends les r\u00e9ponses de plusieurs comit\u00e9s de s\u00e9lection, mais d&rsquo;autres ont d\u00e9j\u00e0 d\u00e9clin\u00e9 ma proposition. Les raisons (quand ils en donnent) sont diverses mais la plupart du temps, elles ont quelque chose \u00e0 voir avec la th\u00e9matique du festival (Cin\u00e9ma et musique, l&rsquo;Amour au cin\u00e9ma, Filmer au f\u00e9minin&#8230;), et je suis bien oblig\u00e9 de m&rsquo;incliner car La Fraude ne peut \u00e9videmment se r\u00e9clamer de telles cat\u00e9gories  qu&rsquo;au prix de cheveux fortement tir\u00e9s&#8230;<\/p>\n\n\n\n<p>Plus surprenant, certains festivals exigent, avant d&rsquo;accepter une inscription, que le film concern\u00e9 soit d\u00e9j\u00e0 pris en charge par un distributeur, voire que sa sortie en salle soit d\u00e9j\u00e0 programm\u00e9e pour l&rsquo;ann\u00e9e qui suit. Une attitude qui en dit long sur l&rsquo;\u00e9poque et sur la fonction de ces manifestations. Autrefois, du moins le croyais-je, le but de ces s\u00e9lections \u00e9tait justement de mettre en avant des films nouveaux, si possible novateurs ou venus d&rsquo;ailleurs afin de leur permettre de, justement, trouver un distributeur fran\u00e7ais. Or non, maintenant il s&rsquo;agit juste d&rsquo;un coup de promo, une pub gratuite en amont de sorties en salle d\u00e9j\u00e0 m\u00fbrement planifi\u00e9es. Quand la cin\u00e9philie et les budgets culture des municipalit\u00e9s organisatrices sont d\u00e9tourn\u00e9s au profit du march\u00e9&#8230;<\/p>\n\n\n\n<figure class=\"wp-block-image size-large is-resized\"><img loading=\"lazy\" decoding=\"async\" src=\"http:\/\/pagesjlcros.fr\/wp-content\/uploads\/2022\/07\/Capture-decran-95-1024x683.png\" alt=\"\" class=\"wp-image-475\" width=\"674\" height=\"449\" srcset=\"https:\/\/pagesjlcros.fr\/wp-content\/uploads\/2022\/07\/Capture-decran-95-1024x683.png 1024w, https:\/\/pagesjlcros.fr\/wp-content\/uploads\/2022\/07\/Capture-decran-95-300x200.png 300w, https:\/\/pagesjlcros.fr\/wp-content\/uploads\/2022\/07\/Capture-decran-95-768x512.png 768w, https:\/\/pagesjlcros.fr\/wp-content\/uploads\/2022\/07\/Capture-decran-95-1536x1024.png 1536w, https:\/\/pagesjlcros.fr\/wp-content\/uploads\/2022\/07\/Capture-decran-95-2048x1365.png 2048w\" sizes=\"auto, (max-width: 674px) 100vw, 674px\" \/><\/figure>\n\n\n\n<p>Pour r\u00e9sumer, voici le r\u00e9cit, qui condense un peu tout \u00e7a, des p\u00e9rip\u00e9ties comiques que j&rsquo;ai r\u00e9cemment connues avec le Festival International du Film de Fiction Historique. D\u00e9couvrant que le Festival du Film Historique de Pessac a pour th\u00e9matique cette ann\u00e9e \u00ab\u00a0<em>Masculin F\u00e9minin, toute une histoire<\/em>\u00ab\u00a0, je bondis, me dis que, cette fois au moins, on ne pourra pas reprocher \u00e0 ma Fraude d&rsquo;\u00eatre \u00ab\u00a0hors th\u00e8me\u00a0\u00bb, et j&rsquo;\u00e9cris un premier mail. R\u00e9ponse: \u00ab\u00a0-Cher Monsieur, il faut un distributeur !\u00a0\u00bb Je contacte alors D Diamantis du Saint-Andr\u00e9 des Arts, et \u00e0 ma grande joie, elle accepte de rester ma distributrice au del\u00e0 de notre exp\u00e9rience. Merci Dobrila ! Deuxi\u00e8me message, alors, au festival de fictions historiques, et ceux ci- acceptent de visionner&#8230; Mais ils me r\u00e9pondent au bout de quelques semaines que le comit\u00e9 de s\u00e9lection a \u00ab\u00a0<em>beaucoup appr\u00e9ci\u00e9 ce film et lui reconnait de nombreuses qualit\u00e9s, que cela soit au niveau du traitement de son sujet, tout comme de sa forme<\/em>\u00a0\u00bb, mais qu\u2019ils ne peuvent pas le s\u00e9lectionner car La Fraude est d\u00e9j\u00e0 \u00ab\u00a0sorti\u00a0\u00bb en salles ! Enervement de ma part et nouveau message o\u00f9 j&rsquo;explique combien les projections au Saint-Andr\u00e9 des Arts ont \u00e9t\u00e9 confidentielles et supplie le comit\u00e9 de s\u00e9lection de r\u00e9envisager la candidature du film en faisant preuve d&rsquo;un peu moins de rigidit\u00e9 r\u00e8glementaire. Nouvelle r\u00e9ponse quelques jours plus tard. Cette fois on m&rsquo;explique que le film ne peut pas \u00eatre retenu parce que festival dispose d&rsquo;un nombre limit\u00e9 de s\u00e9ances, donc de films, et surtout parce que le mien a \u00e9t\u00e9 produit de mani\u00e8re b\u00e9n\u00e9vole  et qu&rsquo;il existe des r\u00e9seaux sp\u00e9cialis\u00e9s pour cel\u00e0 ! L\u00e0 mon indignation ne fait qu&rsquo;un tour, et voici l&rsquo;essentiel de ma r\u00e9action ironico-blagueuse :  <em>\u00ab\u00a0Vous n\u2019avez pas suffisamment d\u2019espace pour accueillir tous les films que vous souhaiteriez soutenir, aussi, ceux qui sont port\u00e9s b\u00e9n\u00e9volement n\u2019y ont pas leur place\u00a0; c\u2019est entendu (&#8230;). Aussi, j\u2019ai une id\u00e9e\u00a0: je vais venir \u00e0 Pessac du 14 au 21\/11\u00a0 avec mes amis com\u00e9diens et techniciens\u00a0; et l\u00e0, chaque soir nous nous posterons devant l\u2019entr\u00e9e de votre festival. Nous serons, sales, mal habill\u00e9s, nous aurons peut-\u00eatre avec nous un ou deux chiens, des canettes de bi\u00e8re aussi et nous tendrons un \u00e9criteau en carton invitant les spectateurs \u00e0 venir d\u00e9couvrir LA FRAUDE dans un garage, \u00e0 quelques m\u00e8tres de l\u00e0. Sur l\u2019\u00e9criteau, il sera marqu\u00e9 que le jury de votre festival (&#8230;) pr\u00e9f\u00e8re s\u00e9lectionner des films riches \u00ab\u00a0qui r\u00e9pondent mieux aux attentes de ses partenaires\u00a0\u00bb. Je suis s\u00fbr que \u00e7a plaira beaucoup \u00e0 la presse<\/em>\u00ab\u00a0. C&rsquo;est alors que le plus dr\u00f4le se produit. Dans la demi-journ\u00e9e qui suit, double r\u00e9action du festival de fictions historiques : -1- Ils prennent ma boutade au s\u00e9rieux et me demandent de reconsid\u00e9rer mon projet d'\u00a0\u00bbAction\u00a0\u00bb, ce qui me fait hurler de rire, et -2- Ils m&rsquo;annoncent qu&rsquo;ils n&rsquo;ont rien \u00e0 voir avec le Festival du Film Historique de Pessac avec lequel je croyais \u00eatre en relation depuis le d\u00e9but!!!! Quel est ce myst\u00e8re? Qui sont ces gens avec qui j&rsquo;ai correspondu pendant des semaines? Quel est ce Festival du Film de Fiction Historique qui ne dispose pas d&rsquo;autre page internet que celle de Pessac? J&rsquo;avoue attendre encore la r\u00e9ponse et ne l&rsquo;aurai peut-\u00eatre jamais&#8230; La conclusion alors de tout \u00e7a? Apr\u00e8s avoir alors pris contact avec, je l&rsquo;esp\u00e8re cette fois, le VRAI Festival du Film d&rsquo;Histoire de Pessac et leur avoir propos\u00e9 mon film (r\u00e9ponse \u00e0 venir?), j&rsquo;esp\u00e8re que vous r\u00e9alisez \u00e0 quel point  faire un long-m\u00e9trage sans un sou n&rsquo;est rien \u00e0 c\u00f4t\u00e9 de l&rsquo;\u00e9pop\u00e9e qui consiste \u00e0 seulement essayer de le faire vivre au milieu de la jungle du mercato cin\u00e9matographique !<\/p>\n","protected":false},"excerpt":{"rendered":"<p>Comment sortir La Fraude de l&rsquo;anonymat apr\u00e8s que la presse parisienne se soit refus\u00e9e \u00e0 le faire en Avril dernier ? Convaincu qu&rsquo;une vente \u00e0 la TV n&rsquo;aura une petite chance d&rsquo;aboutir que si le film est aur\u00e9ol\u00e9 de quelques colifichets journalistiques, je m&rsquo;attache depuis plusieurs mois \u00e0 l&rsquo;inscrire dans divers festivals. A ce jour &hellip; <\/p>\n<p class=\"link-more\"><a href=\"https:\/\/pagesjlcros.fr\/index.php\/2022\/07\/06\/les-temps-sont-durs-pour-les-ames-tendres\/\" class=\"more-link\">Continuer la lecture<span class=\"screen-reader-text\"> de &laquo;&nbsp;Les temps sont durs pour les \u00e2mes tendres&nbsp;&raquo;<\/span><\/a><\/p>\n","protected":false},"author":1,"featured_media":0,"comment_status":"open","ping_status":"open","sticky":false,"template":"","format":"standard","meta":{"footnotes":""},"categories":[1],"tags":[],"class_list":["post-474","post","type-post","status-publish","format-standard","hentry","category-non-classe"],"_links":{"self":[{"href":"https:\/\/pagesjlcros.fr\/index.php\/wp-json\/wp\/v2\/posts\/474","targetHints":{"allow":["GET"]}}],"collection":[{"href":"https:\/\/pagesjlcros.fr\/index.php\/wp-json\/wp\/v2\/posts"}],"about":[{"href":"https:\/\/pagesjlcros.fr\/index.php\/wp-json\/wp\/v2\/types\/post"}],"author":[{"embeddable":true,"href":"https:\/\/pagesjlcros.fr\/index.php\/wp-json\/wp\/v2\/users\/1"}],"replies":[{"embeddable":true,"href":"https:\/\/pagesjlcros.fr\/index.php\/wp-json\/wp\/v2\/comments?post=474"}],"version-history":[{"count":2,"href":"https:\/\/pagesjlcros.fr\/index.php\/wp-json\/wp\/v2\/posts\/474\/revisions"}],"predecessor-version":[{"id":477,"href":"https:\/\/pagesjlcros.fr\/index.php\/wp-json\/wp\/v2\/posts\/474\/revisions\/477"}],"wp:attachment":[{"href":"https:\/\/pagesjlcros.fr\/index.php\/wp-json\/wp\/v2\/media?parent=474"}],"wp:term":[{"taxonomy":"category","embeddable":true,"href":"https:\/\/pagesjlcros.fr\/index.php\/wp-json\/wp\/v2\/categories?post=474"},{"taxonomy":"post_tag","embeddable":true,"href":"https:\/\/pagesjlcros.fr\/index.php\/wp-json\/wp\/v2\/tags?post=474"}],"curies":[{"name":"wp","href":"https:\/\/api.w.org\/{rel}","templated":true}]}}