{"id":217,"date":"2020-01-13T10:34:24","date_gmt":"2020-01-13T09:34:24","guid":{"rendered":"http:\/\/yeuxdoux.ovh\/?p=217"},"modified":"2020-01-15T14:16:08","modified_gmt":"2020-01-15T13:16:08","slug":"les-yeux-doux","status":"publish","type":"post","link":"https:\/\/pagesjlcros.fr\/index.php\/2020\/01\/13\/les-yeux-doux\/","title":{"rendered":"Flash back 7 : LES YEUX DOUX"},"content":{"rendered":"\n<p>L&rsquo;id\u00e9e dort dans mon esprit depuis la tentative de \u00ab\u00a0livre interactif\u00a0\u00bb \u00e9bauch\u00e9e avec <em><strong>G\u00e9sir<\/strong><\/em> et tient en une question :  <em>\u00ab\u00a0Est-il possible d&rsquo;\u00e9crire une m\u00eame histoire sur plusieurs supports : premi\u00e8re partie : un texte, deuxi\u00e8me : une vid\u00e9o, etc&#8230; ?\u00a0\u00bb<\/em> Un projet qui vient de mon parcours de cin\u00e9aste \u00e9videmment et du fantasme d&rsquo;\u00e9pouser mes deux fianc\u00e9es -la cam\u00e9ra et la plume- en m\u00eame temps. Mais qui vient aussi d&rsquo;internet&#8230; Ce L\u00e9viathan qui brasse indistinctement les vid\u00e9os, les e-mails, les blogs, les e-books peut-il servir de support \u00e0 de nouvelles formes de narration ? Apr\u00e8s tout, me dis-je, on a bien vu surgir des \u00ab\u00a0\u00e9critures\u00a0\u00bb inattendues apr\u00e8s que la photographie, le cin\u00e9ma ont \u00e9t\u00e9 invent\u00e9s. Mais la chose reste th\u00e9orique dans ma t\u00eate et les amis \u00e0 qui j&rsquo;en parle \u00e0 l&rsquo;occasion ouvrent de grands yeux dubitatifs\u2026 Jusqu&rsquo;au jour o\u00f9 un week-end entre copains me conduit pr\u00e8s de Saint-Pierre la Mer (Aude) et l\u00e0, je revois l&rsquo;OEil-Doux.<\/p>\n\n\n\n<figure class=\"wp-block-image size-large\"><img loading=\"lazy\" decoding=\"async\" width=\"750\" height=\"501\" src=\"https:\/\/yeuxdoux.ovh\/wp-content\/uploads\/2020\/01\/gouffre_oeil_doux_hdr.jpg\" alt=\"\" class=\"wp-image-227\" srcset=\"https:\/\/pagesjlcros.fr\/wp-content\/uploads\/2020\/01\/gouffre_oeil_doux_hdr.jpg 750w, https:\/\/pagesjlcros.fr\/wp-content\/uploads\/2020\/01\/gouffre_oeil_doux_hdr-300x200.jpg 300w\" sizes=\"auto, (max-width: 706px) 89vw, (max-width: 767px) 82vw, 740px\" \/><\/figure>\n\n\n\n<p>J&rsquo;avais d\u00e9j\u00e0, dans un lointain sc\u00e9nario de film qui ne s&rsquo;est jamais r\u00e9alis\u00e9, pens\u00e9 \u00e0 ce gouffre aussi calme que mena\u00e7ant comme d\u00e9cor pour une s\u00e9quence, mais cette fois l&rsquo;id\u00e9e qu&rsquo;il pourrait \u00eatre au centre d&rsquo;une fiction me saisit. Et l&rsquo;espace de quelques heures, enivr\u00e9 par le myst\u00e8re du lieu, une trame me vient \u00e0 l&rsquo;id\u00e9e : ici, dans ces eaux, un homme autrefois c\u00e9l\u00e8bre a disparu ; et comprendre pourquoi revient \u00e0 reparcourir l&rsquo;histoire r\u00e9cente de l&rsquo;Occitanie. Apr\u00e8s tout, c&rsquo;est vrai, on est dans une r\u00e9gion qui a tant chang\u00e9, s&rsquo;est tant m\u00e9tamorphos\u00e9e depuis le d\u00e9but du XXeme. Les vignes ont laiss\u00e9 la place aux lotissements pour touristes, l&rsquo;agriculture \u00e0 la civilisation des loisirs&#8230; Et puis, dans la voiture, sur le chemin du retour, cette trame se superpose avec le projet pr\u00e9c\u00e9dent : raconter cette histoire sur plusieurs supports : une vid\u00e9o, un texte, un blog\u2026 A peine rentr\u00e9 chez moi, je note vite le premier synopsis avant de l&rsquo;avoir oubli\u00e9. Car c&rsquo;est souvent  comme \u00e7a pour moi : en voiture, berc\u00e9 par les virages, les paysages, j&rsquo;imagine, et puis une fois arriv\u00e9 tout est effac\u00e9 !  <\/p>\n\n\n\n<figure class=\"wp-block-image size-large\"><img loading=\"lazy\" decoding=\"async\" width=\"1024\" height=\"683\" src=\"http:\/\/yeuxdoux.ovh\/wp-content\/uploads\/2020\/01\/Capture-d\u2019\u00e9cran-55-1024x683.png\" alt=\"\" class=\"wp-image-233\" srcset=\"https:\/\/pagesjlcros.fr\/wp-content\/uploads\/2020\/01\/Capture-d\u2019\u00e9cran-55-1024x683.png 1024w, https:\/\/pagesjlcros.fr\/wp-content\/uploads\/2020\/01\/Capture-d\u2019\u00e9cran-55-300x200.png 300w, https:\/\/pagesjlcros.fr\/wp-content\/uploads\/2020\/01\/Capture-d\u2019\u00e9cran-55-768x512.png 768w, https:\/\/pagesjlcros.fr\/wp-content\/uploads\/2020\/01\/Capture-d\u2019\u00e9cran-55-1536x1024.png 1536w, https:\/\/pagesjlcros.fr\/wp-content\/uploads\/2020\/01\/Capture-d\u2019\u00e9cran-55-2048x1365.png 2048w\" sizes=\"auto, (max-width: 767px) 89vw, (max-width: 1000px) 54vw, (max-width: 1071px) 543px, 580px\" \/><\/figure>\n\n\n\n<p>Une ann\u00e9e plus tard environ, soit environ fin 2016, un producteur toulousain (Pierre Mathiote) s&rsquo;int\u00e9resse au projet et ensemble nous envoyons diverses demandes d&rsquo;aides  \u00e0 la R\u00e9gion Occitanie, au Centre du Cin\u00e9ma, au Centre R\u00e9gional des Lettres, \u00e0 des R\u00e9sidences d&rsquo;Ecritures Innovantes\u2026 Et parall\u00e8lement j&rsquo;apprends \u00e0 me servir de logiciels compliqu\u00e9s (<em>Muse, Flip HTML5, Kolor-Panotour<\/em>) pour attaquer la r\u00e9alisation des diverses pi\u00e8ces du puzzle. Apr\u00e8s divers t\u00e2tonnements et ajustements, il y en aura finalement trois : une vid\u00e9o, un r\u00e9cit autobiographique du personnage principal et le blog qu&rsquo;il a tenu juste avant de dispara\u00eetre. Le tout est rassembl\u00e9 sur un site internet appel\u00e9 <strong><em>Les Yeux Doux<\/em><\/strong> car chacun des trois \u00ab\u00a0morceaux\u00a0\u00bb du r\u00e9cit comporte le mot \u00ab\u00a0Oeil\u00a0\u00bb dans son titre.<\/p>\n\n\n\n<figure class=\"wp-block-image size-large\"><img loading=\"lazy\" decoding=\"async\" width=\"1024\" height=\"738\" src=\"http:\/\/yeuxdoux.ovh\/wp-content\/uploads\/2020\/01\/ordre-chrono-vide-1-1024x738.jpg\" alt=\"\" class=\"wp-image-242\" srcset=\"https:\/\/pagesjlcros.fr\/wp-content\/uploads\/2020\/01\/ordre-chrono-vide-1-1024x738.jpg 1024w, https:\/\/pagesjlcros.fr\/wp-content\/uploads\/2020\/01\/ordre-chrono-vide-1-300x216.jpg 300w, https:\/\/pagesjlcros.fr\/wp-content\/uploads\/2020\/01\/ordre-chrono-vide-1-768x554.jpg 768w, https:\/\/pagesjlcros.fr\/wp-content\/uploads\/2020\/01\/ordre-chrono-vide-1-1536x1107.jpg 1536w, https:\/\/pagesjlcros.fr\/wp-content\/uploads\/2020\/01\/ordre-chrono-vide-1.jpg 2000w\" sizes=\"auto, (max-width: 767px) 89vw, (max-width: 1000px) 54vw, (max-width: 1071px) 543px, 580px\" \/><\/figure>\n\n\n\n<p>Mais quelque chose ne colle certainement pas. En effet d&rsquo;une part aucune des aides n&rsquo;est accord\u00e9e ! Mais \u00e7a on y est habitu\u00e9 ; ces commissions volent toujours au secours de la victoire et ne soutiennent que ce qui est d\u00e9j\u00e0 pl\u00e9biscit\u00e9 par la presse, les amis, les chapelles ; les chercheurs solitaires dans leur coin sont rarement consid\u00e9r\u00e9s alors que c&rsquo;est justement eux qui\u2026 Mais bref, passons ; ce qui est plus g\u00eanant est que d&rsquo;autre part  les quelques personnes \u00e0 qui je montre le r\u00e9sultat continuent d&rsquo;ouvrir de grands yeux perplexes. \u00ab\u00a0C&rsquo;est quoi cet ovni ?\u00a0\u00bb Semblent-ils dire. <\/p>\n","protected":false},"excerpt":{"rendered":"<p>L&rsquo;id\u00e9e dort dans mon esprit depuis la tentative de \u00ab\u00a0livre interactif\u00a0\u00bb \u00e9bauch\u00e9e avec G\u00e9sir et tient en une question : \u00ab\u00a0Est-il possible d&rsquo;\u00e9crire une m\u00eame histoire sur plusieurs supports : premi\u00e8re partie : un texte, deuxi\u00e8me : une vid\u00e9o, etc&#8230; ?\u00a0\u00bb Un projet qui vient de mon parcours de cin\u00e9aste \u00e9videmment et du fantasme d&rsquo;\u00e9pouser &hellip; <\/p>\n<p class=\"link-more\"><a href=\"https:\/\/pagesjlcros.fr\/index.php\/2020\/01\/13\/les-yeux-doux\/\" class=\"more-link\">Continuer la lecture<span class=\"screen-reader-text\"> de &laquo;&nbsp;Flash back 7 : LES YEUX DOUX&nbsp;&raquo;<\/span><\/a><\/p>\n","protected":false},"author":1,"featured_media":0,"comment_status":"open","ping_status":"open","sticky":false,"template":"","format":"standard","meta":{"footnotes":""},"categories":[1],"tags":[],"class_list":["post-217","post","type-post","status-publish","format-standard","hentry","category-non-classe"],"_links":{"self":[{"href":"https:\/\/pagesjlcros.fr\/index.php\/wp-json\/wp\/v2\/posts\/217","targetHints":{"allow":["GET"]}}],"collection":[{"href":"https:\/\/pagesjlcros.fr\/index.php\/wp-json\/wp\/v2\/posts"}],"about":[{"href":"https:\/\/pagesjlcros.fr\/index.php\/wp-json\/wp\/v2\/types\/post"}],"author":[{"embeddable":true,"href":"https:\/\/pagesjlcros.fr\/index.php\/wp-json\/wp\/v2\/users\/1"}],"replies":[{"embeddable":true,"href":"https:\/\/pagesjlcros.fr\/index.php\/wp-json\/wp\/v2\/comments?post=217"}],"version-history":[{"count":19,"href":"https:\/\/pagesjlcros.fr\/index.php\/wp-json\/wp\/v2\/posts\/217\/revisions"}],"predecessor-version":[{"id":308,"href":"https:\/\/pagesjlcros.fr\/index.php\/wp-json\/wp\/v2\/posts\/217\/revisions\/308"}],"wp:attachment":[{"href":"https:\/\/pagesjlcros.fr\/index.php\/wp-json\/wp\/v2\/media?parent=217"}],"wp:term":[{"taxonomy":"category","embeddable":true,"href":"https:\/\/pagesjlcros.fr\/index.php\/wp-json\/wp\/v2\/categories?post=217"},{"taxonomy":"post_tag","embeddable":true,"href":"https:\/\/pagesjlcros.fr\/index.php\/wp-json\/wp\/v2\/tags?post=217"}],"curies":[{"name":"wp","href":"https:\/\/api.w.org\/{rel}","templated":true}]}}